{"id":109,"date":"2019-12-17T15:40:05","date_gmt":"2019-12-17T18:40:05","guid":{"rendered":"http:\/\/beraldodicale.com.br\/blog\/?p=109"},"modified":"2019-12-17T15:51:34","modified_gmt":"2019-12-17T18:51:34","slug":"presente-de-ultima-hora-temos","status":"publish","type":"post","link":"https:\/\/beraldodicale.com.br\/blog\/presente-de-ultima-hora-temos\/","title":{"rendered":"Presente (de \u00faltima hora) para o Natal!? Temos!"},"content":{"rendered":"<figure id=\"attachment_116\" aria-describedby=\"caption-attachment-116\" style=\"width: 300px\" class=\"wp-caption alignleft\"><img loading=\"lazy\" decoding=\"async\" class=\"wp-image-116 size-medium\" src=\"http:\/\/beraldodicale.com.br\/blog\/wp-content\/uploads\/2019\/12\/WhatsApp-Image-2019-12-17-at-16.14.21-e1576608375715-300x179.jpeg\" alt=\"\" width=\"300\" height=\"179\" srcset=\"https:\/\/beraldodicale.com.br\/blog\/wp-content\/uploads\/2019\/12\/WhatsApp-Image-2019-12-17-at-16.14.21-e1576608375715-300x179.jpeg 300w, https:\/\/beraldodicale.com.br\/blog\/wp-content\/uploads\/2019\/12\/WhatsApp-Image-2019-12-17-at-16.14.21-e1576608375715-1024x610.jpeg 1024w, https:\/\/beraldodicale.com.br\/blog\/wp-content\/uploads\/2019\/12\/WhatsApp-Image-2019-12-17-at-16.14.21-e1576608375715-768x458.jpeg 768w, https:\/\/beraldodicale.com.br\/blog\/wp-content\/uploads\/2019\/12\/WhatsApp-Image-2019-12-17-at-16.14.21-e1576608375715-520x310.jpeg 520w, https:\/\/beraldodicale.com.br\/blog\/wp-content\/uploads\/2019\/12\/WhatsApp-Image-2019-12-17-at-16.14.21-e1576608375715-740x441.jpeg 740w, https:\/\/beraldodicale.com.br\/blog\/wp-content\/uploads\/2019\/12\/WhatsApp-Image-2019-12-17-at-16.14.21-e1576608375715.jpeg 1040w\" sizes=\"(max-width: 300px) 100vw, 300px\" \/><figcaption id=\"caption-attachment-116\" class=\"wp-caption-text\"><em>Fotos: Lari Resende @entredrinksecafes<\/em><\/figcaption><\/figure>\n<p>O Natal \u00e9 logo ali e quem &#8211; na correria do dia a dia &#8211; n\u00e3o deixou pra \u00faltima hora a compra das lembrancinhas e presentes que atire o primeiro Papai Noel. Sim, \u00e0s vezes, acontece! Se este \u00e9 seu caso saiba que aqui na Adega Beraldo di Cale n\u00e3aaao tem desculpa. Nossos produtos est\u00e3o \u00e0 disposi\u00e7\u00e3o, durante todo o fim do ano, com exce\u00e7\u00e3o do dia 31\/12 (abriremos at\u00e9 o meio-dia), para que voc\u00ea garanta todos os mimos que ser\u00e3o entregues no Natal, al\u00e9m de garantir, tamb\u00e9m, um espumante especial para o brinde da virada!<\/p>\n<p>Ah, e lembra que \u00e9 poss\u00edvel montar cestas personalizadas com os produtos que voc\u00ea mais gostar. S\u00f3 escolher tudo que a embalagem fica lindinha e devidamente convidativa aos olhos. Os produtos da Adega Beraldo di Cale vem de v\u00e1rios cantos do pa\u00eds, s\u00e3o artesanais e diferenciados dos produtos que encontramos nos supermercados tradicionais. Pra quem gostou da ideia estamos abertos \u00e0 visita\u00e7\u00f5es de ter\u00e7a a domingo, das 8h \u00e0s 17h30. S\u00f3 vem!!!<\/p>\n","protected":false},"excerpt":{"rendered":"<p>O Natal \u00e9 logo ali e quem &#8211; na correria do dia a dia &#8211; n\u00e3o deixou pra \u00faltima hora a compra das lembrancinhas e presentes que atire o primeiro Papai Noel. Sim, \u00e0s vezes,<a class=\"read-more\" href=\"https:\/\/beraldodicale.com.br\/blog\/presente-de-ultima-hora-temos\/\">LEIA MAIS<\/a><\/p>\n","protected":false},"author":2,"featured_media":111,"comment_status":"open","ping_status":"open","sticky":true,"template":"","format":"standard","meta":{"footnotes":""},"categories":[1],"tags":[33,34,50,51,32,40,47,39,38,45,48,35,42,41,36,37,31,30,29,44,46,49,43],"_links":{"self":[{"href":"https:\/\/beraldodicale.com.br\/blog\/wp-json\/wp\/v2\/posts\/109"}],"collection":[{"href":"https:\/\/beraldodicale.com.br\/blog\/wp-json\/wp\/v2\/posts"}],"about":[{"href":"https:\/\/beraldodicale.com.br\/blog\/wp-json\/wp\/v2\/types\/post"}],"author":[{"embeddable":true,"href":"https:\/\/beraldodicale.com.br\/blog\/wp-json\/wp\/v2\/users\/2"}],"replies":[{"embeddable":true,"href":"https:\/\/beraldodicale.com.br\/blog\/wp-json\/wp\/v2\/comments?post=109"}],"version-history":[{"count":8,"href":"https:\/\/beraldodicale.com.br\/blog\/wp-json\/wp\/v2\/posts\/109\/revisions"}],"predecessor-version":[{"id":120,"href":"https:\/\/beraldodicale.com.br\/blog\/wp-json\/wp\/v2\/posts\/109\/revisions\/120"}],"wp:featuredmedia":[{"embeddable":true,"href":"https:\/\/beraldodicale.com.br\/blog\/wp-json\/wp\/v2\/media\/111"}],"wp:attachment":[{"href":"https:\/\/beraldodicale.com.br\/blog\/wp-json\/wp\/v2\/media?parent=109"}],"wp:term":[{"taxonomy":"category","embeddable":true,"href":"https:\/\/beraldodicale.com.br\/blog\/wp-json\/wp\/v2\/categories?post=109"},{"taxonomy":"post_tag","embeddable":true,"href":"https:\/\/beraldodicale.com.br\/blog\/wp-json\/wp\/v2\/tags?post=109"}],"curies":[{"name":"wp","href":"https:\/\/api.w.org\/{rel}","templated":true}]}}